{"id":822,"date":"2026-03-09T10:26:39","date_gmt":"2026-03-09T13:26:39","guid":{"rendered":"https:\/\/stiv.org.br\/?p=822"},"modified":"2026-03-09T10:26:39","modified_gmt":"2026-03-09T13:26:39","slug":"eleicoes-stiv-2026","status":"publish","type":"post","link":"https:\/\/stiv.org.br\/index.php\/2026\/03\/09\/eleicoes-stiv-2026\/","title":{"rendered":"Elei\u00e7\u00f5es STIV 2026"},"content":{"rendered":"\n<p>Elei\u00e7\u00f5es Sindicais chegando!<\/p>\n\n\n\n<p>Nos dias 11 e 12 de mar\u00e7o de 2026, os trabalhadores do vestu\u00e1rio t\u00eam um compromisso importante com a democracia sindical.<\/p>\n\n\n\n<p>In\u00edcio: 11\/03 \u00e0s 8h<br>Encerramento: 12\/03 \u00e0s 17h30<\/p>\n\n\n\n<p>\u2714\ufe0f Urnas fixas: Malwee e Menegotti<br>\u2714\ufe0f Demais empresas: urna itinerante<br>\u2714\ufe0f Tamb\u00e9m ter\u00e1 uma urna fixa no STIV (11 e 12, das 8h \u00e0s 17h30)<\/p>\n\n\n\n<p>Quem pode votar: todos os vestuaristas associados ao sindicato h\u00e1 pelo menos 30 dias.<\/p>\n\n\n\n<p>Leve sua carteirinha do Sindicato ou RG, CPF e crach\u00e1 da empresa e exer\u00e7a seu direito. Votar \u00e9 fortalecer a representa\u00e7\u00e3o dos trabalhadores.<\/p>\n","protected":false},"excerpt":{"rendered":"<p>Elei\u00e7\u00f5es Sindicais chegando! Nos dias 11 e 12 de mar\u00e7o de 2026, os trabalhadores do vestu\u00e1rio t\u00eam um compromisso importante com a democracia sindical. In\u00edcio: 11\/03 \u00e0s 8hEncerramento: 12\/03 \u00e0s &#8230;<\/p>\n","protected":false},"author":1,"featured_media":823,"comment_status":"closed","ping_status":"open","sticky":false,"template":"","format":"standard","meta":{"footnotes":""},"categories":[1],"tags":[],"class_list":["post-822","post","type-post","status-publish","format-standard","has-post-thumbnail","hentry","category-publicacoes"],"_links":{"self":[{"href":"https:\/\/stiv.org.br\/index.php\/wp-json\/wp\/v2\/posts\/822","targetHints":{"allow":["GET"]}}],"collection":[{"href":"https:\/\/stiv.org.br\/index.php\/wp-json\/wp\/v2\/posts"}],"about":[{"href":"https:\/\/stiv.org.br\/index.php\/wp-json\/wp\/v2\/types\/post"}],"author":[{"embeddable":true,"href":"https:\/\/stiv.org.br\/index.php\/wp-json\/wp\/v2\/users\/1"}],"replies":[{"embeddable":true,"href":"https:\/\/stiv.org.br\/index.php\/wp-json\/wp\/v2\/comments?post=822"}],"version-history":[{"count":1,"href":"https:\/\/stiv.org.br\/index.php\/wp-json\/wp\/v2\/posts\/822\/revisions"}],"predecessor-version":[{"id":824,"href":"https:\/\/stiv.org.br\/index.php\/wp-json\/wp\/v2\/posts\/822\/revisions\/824"}],"wp:featuredmedia":[{"embeddable":true,"href":"https:\/\/stiv.org.br\/index.php\/wp-json\/wp\/v2\/media\/823"}],"wp:attachment":[{"href":"https:\/\/stiv.org.br\/index.php\/wp-json\/wp\/v2\/media?parent=822"}],"wp:term":[{"taxonomy":"category","embeddable":true,"href":"https:\/\/stiv.org.br\/index.php\/wp-json\/wp\/v2\/categories?post=822"},{"taxonomy":"post_tag","embeddable":true,"href":"https:\/\/stiv.org.br\/index.php\/wp-json\/wp\/v2\/tags?post=822"}],"curies":[{"name":"wp","href":"https:\/\/api.w.org\/{rel}","templated":true}]}}